{
    "items": [
        {
            "type": [
                "h-card"
            ],
            "properties": {
                "name": [
                    "Reda\u00e7\u00e3o O Pa\u00eds"
                ],
                "url": [
                    "https://www.elpais.eu.org/author/bnc-newsoutlook-com/"
                ]
            },
            "lang": "pt-BR"
        },
        {
            "type": [
                "h-card"
            ],
            "properties": {
                "name": [
                    "Reda\u00e7\u00e3o O Pa\u00eds"
                ],
                "url": [
                    "https://www.elpais.eu.org/author/bnc-newsoutlook-com/"
                ]
            },
            "lang": "pt-BR"
        },
        {
            "type": [
                "h-card"
            ],
            "properties": {
                "name": [
                    "Reda\u00e7\u00e3o O Pa\u00eds"
                ],
                "url": [
                    "https://www.elpais.eu.org/author/bnc-newsoutlook-com/"
                ]
            },
            "lang": "pt-BR"
        },
        {
            "type": [
                "h-card"
            ],
            "properties": {
                "name": [
                    "Reda\u00e7\u00e3o O Pa\u00eds"
                ],
                "url": [
                    "https://www.elpais.eu.org/author/bnc-newsoutlook-com/"
                ]
            },
            "lang": "pt-BR"
        },
        {
            "type": [
                "h-card"
            ],
            "properties": {
                "name": [
                    "Reda\u00e7\u00e3o O Pa\u00eds"
                ],
                "url": [
                    "https://www.elpais.eu.org/author/bnc-newsoutlook-com/"
                ]
            },
            "lang": "pt-BR"
        },
        {
            "type": [
                "h-card"
            ],
            "properties": {
                "name": [
                    "Reda\u00e7\u00e3o O Pa\u00eds"
                ],
                "url": [
                    "https://www.elpais.eu.org/author/bnc-newsoutlook-com/"
                ]
            },
            "lang": "pt-BR"
        },
        {
            "type": [
                "h-card"
            ],
            "properties": {
                "name": [
                    "Reda\u00e7\u00e3o O Pa\u00eds"
                ],
                "url": [
                    "https://www.elpais.eu.org/author/bnc-newsoutlook-com/"
                ]
            },
            "lang": "pt-BR"
        },
        {
            "type": [
                "h-card"
            ],
            "properties": {
                "name": [
                    "Reda\u00e7\u00e3o O Pa\u00eds"
                ],
                "url": [
                    "https://www.elpais.eu.org/author/bnc-newsoutlook-com/"
                ]
            },
            "lang": "pt-BR"
        },
        {
            "type": [
                "h-card"
            ],
            "properties": {
                "name": [
                    "Reda\u00e7\u00e3o O Pa\u00eds"
                ],
                "url": [
                    "https://www.elpais.eu.org/author/bnc-newsoutlook-com/"
                ]
            },
            "lang": "pt-BR"
        },
        {
            "type": [
                "h-card"
            ],
            "properties": {
                "name": [
                    "Reda\u00e7\u00e3o O Pa\u00eds"
                ],
                "url": [
                    "https://www.elpais.eu.org/author/bnc-newsoutlook-com/"
                ]
            },
            "lang": "pt-BR"
        }
    ],
    "rels": {
        "profile": [
            "https://gmpg.org/xfn/11"
        ],
        "alternate": [
            "https://www.elpais.eu.org/feed/",
            "https://www.elpais.eu.org/feed/atom/",
            "https://www.elpais.eu.org/wp-json/oembed/1.0/embed?url=https%3A%2F%2Fwww.elpais.eu.org%2F",
            "https://www.elpais.eu.org/wp-json/oembed/1.0/embed?url=https%3A%2F%2Fwww.elpais.eu.org%2F&format=xml",
            "https://www.elpais.eu.org/wp-json/wp/v2/pages/1660"
        ],
        "pingback": [
            "https://www.elpais.eu.org/xmlrpc.php"
        ],
        "preconnect": [
            "https://fonts.googleapis.com",
            "https://fonts.gstatic.com",
            "https://i0.wp.com/",
            "https://i1.wp.com/",
            "https://i2.wp.com/",
            "https://i3.wp.com/"
        ],
        "dns-prefetch": [
            "https://fonts.googleapis.com",
            "https://fonts.gstatic.com",
            "https://s.gravatar.com",
            "https://www.google-analytics.com",
            "https://i0.wp.com/",
            "https://i1.wp.com/",
            "https://i2.wp.com/",
            "https://i3.wp.com/"
        ],
        "canonical": [
            "https://www.elpais.eu.org/"
        ],
        "stylesheet": [
            "https://www.elpais.eu.org/wp-content/plugins/penci-review/css/style.css?ver=3.3",
            "https://fonts.googleapis.com/css?family=Oswald%3A400&display=swap&ver=6.9.4",
            "https://www.elpais.eu.org/wp-content/plugins/complianz-gdpr/assets/css/cookieblocker.min.css?ver=1776696746",
            "https://fonts.googleapis.com/css?family=Bitter%3A300%2C300italic%2C400%2C400italic%2C500%2C500italic%2C700%2C700italic%2C800%2C800italic%7CRoboto%3A300%2C300italic%2C400%2C400italic%2C500%2C500italic%2C600%2C600italic%2C700%2C700italic%2C800%2C800italic%26subset%3Dlatin%2Ccyrillic%2Ccyrillic-ext%2Cgreek%2Cgreek-ext%2Clatin-ext&display=swap&ver=8.5.0",
            "https://www.elpais.eu.org/wp-content/themes/soledad/main.css?ver=8.5.0",
            "https://www.elpais.eu.org/wp-content/themes/soledad/css/swiper-bundle.min.css?ver=8.5.0",
            "https://www.elpais.eu.org/wp-content/themes/soledad/css/font-awesome.4.7.0.swap.min.css?ver=4.7.0",
            "https://www.elpais.eu.org/wp-content/themes/soledad/css/penci-icon.css?ver=8.5.0",
            "https://www.elpais.eu.org/wp-content/themes/soledad/style.css?ver=8.5.0",
            "https://www.elpais.eu.org/wp-content/themes/soledad/css/social-counter.css?ver=8.5.0",
            "https://fonts.googleapis.com/css?family=Roboto%3A300%2C300italic%2C400%2C400italic%2C500%2C500italic%2C600%2C600italic%2C700%2C700italic%2C800%2C800italic%26subset%3Dlatin%2Ccyrillic%2Ccyrillic-ext%2Cgreek%2Cgreek-ext%2Clatin-ext&display=swap&ver=8.5.0",
            "https://www.elpais.eu.org/wp-content/plugins/elementor/assets/lib/eicons/css/elementor-icons.min.css?ver=5.48.0",
            "https://www.elpais.eu.org/wp-content/plugins/elementor/assets/css/frontend.min.css?ver=4.0.5",
            "https://www.elpais.eu.org/wp-content/uploads/elementor/css/post-7.css?ver=1777560810",
            "https://www.elpais.eu.org/wp-content/plugins/elementor-pro/assets/css/frontend.min.css?ver=3.7.3",
            "https://www.elpais.eu.org/wp-content/uploads/elementor/css/post-1660.css?ver=1777561557",
            "https://www.elpais.eu.org/wp-content/uploads/elementor/css/post-1591.css?ver=1777560810",
            "https://www.elpais.eu.org/wp-content/plugins/penci-recipe/css/recipe.css?ver=3.7",
            "https://www.elpais.eu.org/wp-content/plugins/elementskit-lite/widgets/init/assets/css/widget-styles.css?ver=3.9.3",
            "https://www.elpais.eu.org/wp-content/plugins/elementskit-lite/widgets/init/assets/css/responsive.css?ver=3.9.3",
            "https://www.elpais.eu.org/wp-content/uploads/elementor/google-fonts/css/roboto.css?ver=1742266557",
            "https://www.elpais.eu.org/wp-content/uploads/elementor/google-fonts/css/robotoslab.css?ver=1742266561",
            "https://www.elpais.eu.org/wp-content/uploads/elementor/google-fonts/css/bitter.css?ver=1742266567",
            "https://www.elpais.eu.org/wp-content/plugins/elementskit-lite/modules/elementskit-icon-pack/assets/css/ekiticons.css?ver=3.9.3",
            "https://www.elpais.eu.org/wp-content/plugins/elementor/assets/css/widget-image.min.css?ver=4.0.5"
        ],
        "https://api.w.org/": [
            "https://www.elpais.eu.org/wp-json/"
        ],
        "EditURI": [
            "https://www.elpais.eu.org/xmlrpc.php?rsd"
        ],
        "shortlink": [
            "https://www.elpais.eu.org/"
        ],
        "icon": [
            "https://www.elpais.eu.org/wp-content/uploads/2024/05/favicon-opais-150x150.png",
            "https://www.elpais.eu.org/wp-content/uploads/2024/05/favicon-opais-300x300.png"
        ],
        "apple-touch-icon": [
            "https://www.elpais.eu.org/wp-content/uploads/2024/05/favicon-opais-300x300.png"
        ],
        "category": [
            "https://www.elpais.eu.org/category/economia/",
            "https://www.elpais.eu.org/category/entretenimento/",
            "https://www.elpais.eu.org/category/politica/",
            "https://www.elpais.eu.org/category/mundo/",
            "https://www.elpais.eu.org/category/vida-estilo/",
            "https://www.elpais.eu.org/category/saude/"
        ],
        "tag": [
            "https://www.elpais.eu.org/category/economia/",
            "https://www.elpais.eu.org/category/entretenimento/",
            "https://www.elpais.eu.org/category/politica/",
            "https://www.elpais.eu.org/category/mundo/",
            "https://www.elpais.eu.org/category/vida-estilo/",
            "https://www.elpais.eu.org/category/saude/"
        ],
        "bookmark": [
            "https://www.elpais.eu.org/2024/06/15/indiciamento-de-juscelino-filho-pela-pf-foi-baseado-em-reportagens-do-estadao-por-estadao-conteudo/",
            "https://www.elpais.eu.org/2024/06/04/assembleia-legislativa-do-pr-aprova-terceirizacao-da-gestao-de-escolas/",
            "https://www.elpais.eu.org/2024/06/15/juiz-libera-viagem-para-miami-de-irmao-de-rodrigo-garcia-condenado-na-mafia-dos-fiscais-por-estadao-conteudo/",
            "https://www.elpais.eu.org/2024/05/31/mater-dei-matd3-desfaz-aquisicao-e-vende-hospital-porto-dias-por-investing-com/",
            "https://www.elpais.eu.org/2024/05/18/campanha-busca-mobilizar-populacao-contra-violencia-sexual-infantil/",
            "https://www.elpais.eu.org/2024/06/15/flu-e-atletico-go-jogam-para-se-afastar-da-zona-do-rebaixamento/",
            "https://www.elpais.eu.org/2024/06/15/nome-de-bolsonaro-ex-coronel-da-rota-ganha-espaco-com-nunes-por-estadao-conteudo/",
            "https://www.elpais.eu.org/2024/06/15/ibovespa-se-estabiliza-aos-1196-mil-pontos-cedendo-091-na-semana-por-estadao-conteudo/",
            "https://www.elpais.eu.org/2024/06/14/aumenta-no-rio-grande-do-sul-risco-de-doencas-infecciosas/",
            "https://www.elpais.eu.org/2024/06/14/nao-e-so-gotinha-entenda-como-funciona-a-vacinacao-contra-a-polio/",
            "https://www.elpais.eu.org/2024/06/14/dia-mundial-do-doador-de-sangue-saiba-mais-sobre-a-doacao-regular/",
            "https://www.elpais.eu.org/2024/06/14/apos-turbulencias-na-temporada-franca-e-tricampeao-consecutivo-na-nbb/",
            "https://www.elpais.eu.org/2024/06/13/brasil-bate-alemanha-e-chega-a-10a-vitoria-na-liga-das-nacoes-de-volei/",
            "https://www.elpais.eu.org/2024/06/13/flamengo-recebe-gremio-no-maracana-mirando-a-ponta-do-brasileiro/",
            "https://www.elpais.eu.org/2024/06/15/elenco-de-a-casa-do-dragao-revela-como-grava-cenas-com-feras-voadoras/",
            "https://www.elpais.eu.org/2024/06/15/samuel-rosa-rebate-comparacoes-com-o-skank-queriam-o-que/",
            "https://www.elpais.eu.org/2024/06/15/anahi-quebra-o-silencio-sobre-o-imbroglio-entre-o-rbd-e-seu-antigo-empresario-guillermo-rosas-assista/",
            "https://www.elpais.eu.org/2024/06/15/dolar-encerra-a-semana-com-alta-de-108-e-ja-se-valoriza-250-no-mes-por-estadao-conteudo/",
            "https://www.elpais.eu.org/2024/06/15/por-que-ias-como-chatgpt-sao-burras-na-bolsa-conheca-esta-alternativa-por-investing-com/",
            "https://www.elpais.eu.org/2024/06/14/dolar-tem-novo-avanco-puxado-por-exterior-e-acumula-alta-de-1-na-semana-por-reuters/",
            "https://www.elpais.eu.org/2024/06/15/equipe-de-prabowo-da-indonesia-refuta-relatorio-de-aumento-da-divida-por-investing-com/",
            "https://www.elpais.eu.org/2024/06/14/grassley-abre-novo-inquerito-de-supervisao-da-boeing-e-da-faa-por-investing-com/",
            "https://www.elpais.eu.org/2024/06/14/juros-futuros-caem-com-ibc-br-e-exterior-abrindo-espaco-para-alivio-nos-premios-por-reuters/"
        ],
        "noopener": [
            "https://folhadopais.com/",
            "https://wownewss.com/",
            "https://forstetime.com/",
            "https://washingtonsheet.com/",
            "https://abbn.co.uk/",
            "https://bnnbrasil.com/",
            "https://www.bandesp.com.br/",
            "https://www.bandesp.com.br/voce/emprestimos/emprestimo-na-conta-de-luz/Paginas/default.aspx",
            "https://www.bandesp.com.br/voce/emprestimos/emprestimo-consignado/Paginas/default.aspx",
            "https://www.bandesp.com.br/voce/emprestimos/emprestimo-pessoal-online/Paginas/default.aspx",
            "https://www.bandesp.com.br/voce/credito-financiamento/consignado/Paginas/default.aspx",
            "https://www.bandesp.com.br/voce/emprestimos/antecipar-FGTS/Paginas/default.aspx",
            "https://www.bandesp.com.br/voce/credito-financiamento/credito-pessoal/antecipacao-saque-aniversario-FGTS./Paginas/default.aspx",
            "https://www.bandesp.com.br/voce/emprestimos/emprestimo-pessoal-online-no-carne/Paginas/default.aspx",
            "https://banco.cash/",
            "https://banco.cash/emprestimo-pessoal",
            "https://banco.cash/voce/servicos/emprestimos/emprestimo-consignado/Paginas/default.aspx",
            "https://banco.cash/voce/servicos/emprestimos/emprestimo-no-carne",
            "https://banco.cash/cartoes/cartao-consignado",
            "https://banco.cash/antecipacao-saque-aniversario-fgts",
            "https://www.bancodobrasileiro.com/",
            "https://blog.bancodobrasileiro.com/",
            "http://www.jornaldopais.com/",
            "http://www.g20newss.com/",
            "http://www.abbn.co.uk/",
            "http://www.folhadopais.com/",
            "http://www.banco.cash/",
            "https://newss.co.com/",
            "https://wsposts.com/",
            "https://glob.co.com/",
            "https://seudinheirodigital.com/",
            "https://www.glob.co.com/",
            "https://thposts.com/",
            "https://bb.abc.br/",
            "https://www.banco.cash/emprestimos/emprestimo-conta-de-luz/",
            "https://www.banco.cash/emprestimos/emprestimos-consignado/",
            "https://www.banco.cash/emprestimos/emprestimo-fgts/",
            "https://www.banco.cash/emprestimos/emprestimo-pessoal/",
            "https://www.bandesp.com.br/voce/emprestimos/emprestimo-pessoal/Paginas/default.aspx",
            "https://www.banco.cash/emprestimos/emprestimo-carne/",
            "https://www.banco.cash/voce/servicos/emprestimos/emprestimo-no-carne",
            "https://www.banco.cash/",
            "https://www.bandesp.com.br/voce/emprestimos/emprestimo-pessoal-no-carne/Paginas/default.aspx",
            "https://cookiedatabase.org/tcf/purposes/"
        ],
        "privacy-policy": [
            "https://www.elpais.eu.org/politica-privacidade/"
        ],
        "noreferrer": [
            "https://www.facebook.com/PenciDesign",
            "https://twitter.com/PenciDesign",
            "https://www.elpais.eu.org/#",
            "https://cookiedatabase.org/tcf/purposes/"
        ],
        "nofollow": [
            "https://cookiedatabase.org/tcf/purposes/"
        ],
        "follow": [
            "https://nordicnodes.com/admin"
        ]
    },
    "rel-urls": {
        "https://gmpg.org/xfn/11": {
            "rels": [
                "profile"
            ]
        },
        "https://www.elpais.eu.org/feed/": {
            "title": "O Pa\u00eds RSS Feed",
            "type": "application/rss+xml",
            "rels": [
                "alternate"
            ]
        },
        "https://www.elpais.eu.org/feed/atom/": {
            "title": "O Pa\u00eds Atom Feed",
            "type": "application/atom+xml",
            "rels": [
                "alternate"
            ]
        },
        "https://www.elpais.eu.org/xmlrpc.php": {
            "rels": [
                "pingback"
            ]
        },
        "https://fonts.googleapis.com": {
            "rels": [
                "dns-prefetch",
                "preconnect"
            ]
        },
        "https://fonts.gstatic.com": {
            "rels": [
                "dns-prefetch",
                "preconnect"
            ]
        },
        "https://s.gravatar.com": {
            "rels": [
                "dns-prefetch"
            ]
        },
        "https://www.google-analytics.com": {
            "rels": [
                "dns-prefetch"
            ]
        },
        "https://www.elpais.eu.org/": {
            "rels": [
                "canonical",
                "shortlink"
            ]
        },
        "https://www.elpais.eu.org/wp-json/oembed/1.0/embed?url=https%3A%2F%2Fwww.elpais.eu.org%2F": {
            "title": "oEmbed (JSON)",
            "type": "application/json+oembed",
            "rels": [
                "alternate"
            ]
        },
        "https://www.elpais.eu.org/wp-json/oembed/1.0/embed?url=https%3A%2F%2Fwww.elpais.eu.org%2F&format=xml": {
            "title": "oEmbed (XML)",
            "type": "text/xml+oembed",
            "rels": [
                "alternate"
            ]
        },
        "https://www.elpais.eu.org/wp-content/plugins/penci-review/css/style.css?ver=3.3": {
            "media": "all",
            "type": "text/css",
            "rels": [
                "stylesheet"
            ]
        },
        "https://fonts.googleapis.com/css?family=Oswald%3A400&display=swap&ver=6.9.4": {
            "media": "all",
            "type": "text/css",
            "rels": [
                "stylesheet"
            ]
        },
        "https://www.elpais.eu.org/wp-content/plugins/complianz-gdpr/assets/css/cookieblocker.min.css?ver=1776696746": {
            "media": "all",
            "type": "text/css",
            "rels": [
                "stylesheet"
            ]
        },
        "https://fonts.googleapis.com/css?family=Bitter%3A300%2C300italic%2C400%2C400italic%2C500%2C500italic%2C700%2C700italic%2C800%2C800italic%7CRoboto%3A300%2C300italic%2C400%2C400italic%2C500%2C500italic%2C600%2C600italic%2C700%2C700italic%2C800%2C800italic%26subset%3Dlatin%2Ccyrillic%2Ccyrillic-ext%2Cgreek%2Cgreek-ext%2Clatin-ext&display=swap&ver=8.5.0": {
            "media": "all",
            "type": "text/css",
            "rels": [
                "stylesheet"
            ]
        },
        "https://www.elpais.eu.org/wp-content/themes/soledad/main.css?ver=8.5.0": {
            "media": "all",
            "type": "text/css",
            "rels": [
                "stylesheet"
            ]
        },
        "https://www.elpais.eu.org/wp-content/themes/soledad/css/swiper-bundle.min.css?ver=8.5.0": {
            "media": "all",
            "type": "text/css",
            "rels": [
                "stylesheet"
            ]
        },
        "https://www.elpais.eu.org/wp-content/themes/soledad/css/font-awesome.4.7.0.swap.min.css?ver=4.7.0": {
            "media": "all",
            "type": "text/css",
            "rels": [
                "stylesheet"
            ]
        },
        "https://www.elpais.eu.org/wp-content/themes/soledad/css/penci-icon.css?ver=8.5.0": {
            "media": "all",
            "type": "text/css",
            "rels": [
                "stylesheet"
            ]
        },
        "https://www.elpais.eu.org/wp-content/themes/soledad/style.css?ver=8.5.0": {
            "media": "all",
            "type": "text/css",
            "rels": [
                "stylesheet"
            ]
        },
        "https://www.elpais.eu.org/wp-content/themes/soledad/css/social-counter.css?ver=8.5.0": {
            "media": "all",
            "type": "text/css",
            "rels": [
                "stylesheet"
            ]
        },
        "https://fonts.googleapis.com/css?family=Roboto%3A300%2C300italic%2C400%2C400italic%2C500%2C500italic%2C600%2C600italic%2C700%2C700italic%2C800%2C800italic%26subset%3Dlatin%2Ccyrillic%2Ccyrillic-ext%2Cgreek%2Cgreek-ext%2Clatin-ext&display=swap&ver=8.5.0": {
            "media": "all",
            "type": "text/css",
            "rels": [
                "stylesheet"
            ]
        },
        "https://www.elpais.eu.org/wp-content/plugins/elementor/assets/lib/eicons/css/elementor-icons.min.css?ver=5.48.0": {
            "media": "all",
            "type": "text/css",
            "rels": [
                "stylesheet"
            ]
        },
        "https://www.elpais.eu.org/wp-content/plugins/elementor/assets/css/frontend.min.css?ver=4.0.5": {
            "media": "all",
            "type": "text/css",
            "rels": [
                "stylesheet"
            ]
        },
        "https://www.elpais.eu.org/wp-content/uploads/elementor/css/post-7.css?ver=1777560810": {
            "media": "all",
            "type": "text/css",
            "rels": [
                "stylesheet"
            ]
        },
        "https://www.elpais.eu.org/wp-content/plugins/elementor-pro/assets/css/frontend.min.css?ver=3.7.3": {
            "media": "all",
            "type": "text/css",
            "rels": [
                "stylesheet"
            ]
        },
        "https://www.elpais.eu.org/wp-content/uploads/elementor/css/post-1660.css?ver=1777561557": {
            "media": "all",
            "type": "text/css",
            "rels": [
                "stylesheet"
            ]
        },
        "https://www.elpais.eu.org/wp-content/uploads/elementor/css/post-1591.css?ver=1777560810": {
            "media": "all",
            "type": "text/css",
            "rels": [
                "stylesheet"
            ]
        },
        "https://www.elpais.eu.org/wp-content/plugins/penci-recipe/css/recipe.css?ver=3.7": {
            "media": "all",
            "type": "text/css",
            "rels": [
                "stylesheet"
            ]
        },
        "https://www.elpais.eu.org/wp-content/plugins/elementskit-lite/widgets/init/assets/css/widget-styles.css?ver=3.9.3": {
            "media": "all",
            "type": "text/css",
            "rels": [
                "stylesheet"
            ]
        },
        "https://www.elpais.eu.org/wp-content/plugins/elementskit-lite/widgets/init/assets/css/responsive.css?ver=3.9.3": {
            "media": "all",
            "type": "text/css",
            "rels": [
                "stylesheet"
            ]
        },
        "https://www.elpais.eu.org/wp-content/uploads/elementor/google-fonts/css/roboto.css?ver=1742266557": {
            "media": "all",
            "type": "text/css",
            "rels": [
                "stylesheet"
            ]
        },
        "https://www.elpais.eu.org/wp-content/uploads/elementor/google-fonts/css/robotoslab.css?ver=1742266561": {
            "media": "all",
            "type": "text/css",
            "rels": [
                "stylesheet"
            ]
        },
        "https://www.elpais.eu.org/wp-content/uploads/elementor/google-fonts/css/bitter.css?ver=1742266567": {
            "media": "all",
            "type": "text/css",
            "rels": [
                "stylesheet"
            ]
        },
        "https://www.elpais.eu.org/wp-content/plugins/elementskit-lite/modules/elementskit-icon-pack/assets/css/ekiticons.css?ver=3.9.3": {
            "media": "all",
            "type": "text/css",
            "rels": [
                "stylesheet"
            ]
        },
        "https://www.elpais.eu.org/wp-json/": {
            "rels": [
                "https://api.w.org/"
            ]
        },
        "https://www.elpais.eu.org/wp-json/wp/v2/pages/1660": {
            "title": "JSON",
            "type": "application/json",
            "rels": [
                "alternate"
            ]
        },
        "https://www.elpais.eu.org/xmlrpc.php?rsd": {
            "title": "RSD",
            "type": "application/rsd+xml",
            "rels": [
                "EditURI"
            ]
        },
        "https://i0.wp.com/": {
            "rels": [
                "dns-prefetch",
                "preconnect"
            ]
        },
        "https://i1.wp.com/": {
            "rels": [
                "dns-prefetch",
                "preconnect"
            ]
        },
        "https://i2.wp.com/": {
            "rels": [
                "dns-prefetch",
                "preconnect"
            ]
        },
        "https://i3.wp.com/": {
            "rels": [
                "dns-prefetch",
                "preconnect"
            ]
        },
        "https://www.elpais.eu.org/wp-content/uploads/2024/05/favicon-opais-150x150.png": {
            "rels": [
                "icon"
            ]
        },
        "https://www.elpais.eu.org/wp-content/uploads/2024/05/favicon-opais-300x300.png": {
            "rels": [
                "apple-touch-icon",
                "icon"
            ]
        },
        "https://www.elpais.eu.org/category/economia/": {
            "text": "Economia",
            "rels": [
                "category",
                "tag"
            ]
        },
        "https://www.elpais.eu.org/2024/06/15/indiciamento-de-juscelino-filho-pela-pf-foi-baseado-em-reportagens-do-estadao-por-estadao-conteudo/": {
            "title": "Indiciamento de Juscelino Filho pela PF foi baseado em reportagens do \u2018Estad\u00e3o\u2019 Por Estad\u00e3o Conte\u00fado",
            "text": "\n\t\t\t\t\t\t\t\t\t\t\tIndiciamento de Juscelino Filho pela PF foi baseado em reportagens do \u2018Estad\u00e3o\u2019 Por Estad\u00e3o Conte\u00fado                                        ",
            "rels": [
                "bookmark"
            ]
        },
        "https://www.elpais.eu.org/2024/06/04/assembleia-legislativa-do-pr-aprova-terceirizacao-da-gestao-de-escolas/": {
            "title": "Assembleia Legislativa do PR aprova terceiriza\u00e7\u00e3o da gest\u00e3o de escolas",
            "text": "\n\t\t\t\t\t\t\t\t\t\t\tAssembleia Legislativa do PR aprova terceiriza\u00e7\u00e3o da gest\u00e3o de escolas                                        ",
            "rels": [
                "bookmark"
            ]
        },
        "https://www.elpais.eu.org/2024/06/15/juiz-libera-viagem-para-miami-de-irmao-de-rodrigo-garcia-condenado-na-mafia-dos-fiscais-por-estadao-conteudo/": {
            "title": "Juiz libera viagem para Miami de irm\u00e3o de Rodrigo Garcia, condenado na M\u00e1fia dos Fiscais Por Estad\u00e3o Conte\u00fado",
            "text": "\n\t\t\t\t\t\t\t\t\t\t\tJuiz libera viagem para Miami de irm\u00e3o de Rodrigo Garcia, condenado na M\u00e1fia dos Fiscais Por Estad\u00e3o Conte\u00fado                                        ",
            "rels": [
                "bookmark"
            ]
        },
        "https://www.elpais.eu.org/2024/05/31/mater-dei-matd3-desfaz-aquisicao-e-vende-hospital-porto-dias-por-investing-com/": {
            "title": "Mater Dei (MATD3) desfaz aquisi\u00e7\u00e3o e vende Hospital Porto Dias Por Investing.com",
            "text": "\n\t\t\t\t\t\t\t\t\t\t\tMater Dei (MATD3) desfaz aquisi\u00e7\u00e3o e vende Hospital Porto Dias Por Investing.com                                        ",
            "rels": [
                "bookmark"
            ]
        },
        "https://www.elpais.eu.org/2024/05/18/campanha-busca-mobilizar-populacao-contra-violencia-sexual-infantil/": {
            "title": "Campanha busca mobilizar popula\u00e7\u00e3o contra viol\u00eancia sexual infantil",
            "text": "\n\t\t\t\t\t\t\t\t\t\t\tCampanha busca mobilizar popula\u00e7\u00e3o contra viol\u00eancia sexual infantil                                        ",
            "rels": [
                "bookmark"
            ]
        },
        "https://www.elpais.eu.org/category/entretenimento/": {
            "text": "Entretenimento",
            "rels": [
                "category",
                "tag"
            ]
        },
        "https://www.elpais.eu.org/category/politica/": {
            "text": "Pol\u00edtica",
            "rels": [
                "category",
                "tag"
            ]
        },
        "https://www.elpais.eu.org/category/mundo/": {
            "text": "Mundo",
            "rels": [
                "category",
                "tag"
            ]
        },
        "https://www.elpais.eu.org/2024/06/15/flu-e-atletico-go-jogam-para-se-afastar-da-zona-do-rebaixamento/": {
            "title": "Flu e Atl\u00e9tico-GO jogam para se afastar da zona do rebaixamento",
            "text": "\n\t\t\t\t\t\t\t\t\t\t\tFlu e Atl\u00e9tico-GO jogam para se afastar da zona do rebaixamento                                        ",
            "rels": [
                "bookmark"
            ]
        },
        "https://www.elpais.eu.org/2024/06/15/nome-de-bolsonaro-ex-coronel-da-rota-ganha-espaco-com-nunes-por-estadao-conteudo/": {
            "title": "Nome de Bolsonaro, ex-coronel da rota ganha espa\u00e7o com Nunes Por Estad\u00e3o Conte\u00fado",
            "text": "\n\t\t\t\t\t\t\t\t\t\t\tNome de Bolsonaro, ex-coronel da rota ganha espa\u00e7o com Nunes Por Estad\u00e3o Conte\u00fado                                        ",
            "rels": [
                "bookmark"
            ]
        },
        "https://www.elpais.eu.org/2024/06/15/ibovespa-se-estabiliza-aos-1196-mil-pontos-cedendo-091-na-semana-por-estadao-conteudo/": {
            "title": "Ibovespa se estabiliza aos 119,6 mil pontos, cedendo 0,91% na semana Por Estad\u00e3o Conte\u00fado",
            "text": "\n\t\t\t\t\t\t\t\t\t\t\tIbovespa se estabiliza aos 119,6 mil pontos, cedendo 0,91% na semana Por Estad\u00e3o Conte\u00fado                                        ",
            "rels": [
                "bookmark"
            ]
        },
        "https://www.elpais.eu.org/category/vida-estilo/": {
            "text": "Vida & Estilo",
            "rels": [
                "category",
                "tag"
            ]
        },
        "https://www.elpais.eu.org/2024/06/14/aumenta-no-rio-grande-do-sul-risco-de-doencas-infecciosas/": {
            "title": "Aumenta no Rio Grande do Sul risco de doen\u00e7as infecciosas",
            "text": "\n                                                                                            ",
            "rels": [
                "bookmark"
            ]
        },
        "https://www.elpais.eu.org/2024/06/14/nao-e-so-gotinha-entenda-como-funciona-a-vacinacao-contra-a-polio/": {
            "title": "N\u00e3o \u00e9 s\u00f3 gotinha: entenda como funciona a vacina\u00e7\u00e3o contra a p\u00f3lio",
            "text": "\n                                                                                            ",
            "rels": [
                "bookmark"
            ]
        },
        "https://www.elpais.eu.org/category/saude/": {
            "text": "Sa\u00fade",
            "rels": [
                "category",
                "tag"
            ]
        },
        "https://www.elpais.eu.org/2024/06/14/dia-mundial-do-doador-de-sangue-saiba-mais-sobre-a-doacao-regular/": {
            "title": "Dia Mundial do Doador de Sangue: saiba mais sobre a doa\u00e7\u00e3o regular",
            "text": "\n                                                                                            ",
            "rels": [
                "bookmark"
            ]
        },
        "https://www.elpais.eu.org/2024/06/14/apos-turbulencias-na-temporada-franca-e-tricampeao-consecutivo-na-nbb/": {
            "title": "Ap\u00f3s turbul\u00eancias na temporada, Franca \u00e9 tricampe\u00e3o consecutivo na NBB",
            "text": "\n\t\t\t\t\t\t\t\t\t\t\tAp\u00f3s turbul\u00eancias na temporada, Franca \u00e9 tricampe\u00e3o consecutivo na NBB                                        ",
            "rels": [
                "bookmark"
            ]
        },
        "https://www.elpais.eu.org/2024/06/13/brasil-bate-alemanha-e-chega-a-10a-vitoria-na-liga-das-nacoes-de-volei/": {
            "title": "Brasil bate Alemanha e chega \u00e0 10\u00aa vit\u00f3ria na Liga das Na\u00e7\u00f5es de V\u00f4lei",
            "text": "\n\t\t\t\t\t\t\t\t\t\t\tBrasil bate Alemanha e chega \u00e0 10\u00aa vit\u00f3ria na Liga...                                        ",
            "rels": [
                "bookmark"
            ]
        },
        "https://www.elpais.eu.org/2024/06/13/flamengo-recebe-gremio-no-maracana-mirando-a-ponta-do-brasileiro/": {
            "title": "Flamengo recebe Gr\u00eamio no Maracan\u00e3 mirando a ponta do Brasileiro",
            "text": "\n\t\t\t\t\t\t\t\t\t\t\tFlamengo recebe Gr\u00eamio no Maracan\u00e3 mirando a ponta do Brasileiro                                        ",
            "rels": [
                "bookmark"
            ]
        },
        "https://www.elpais.eu.org/2024/06/15/elenco-de-a-casa-do-dragao-revela-como-grava-cenas-com-feras-voadoras/": {
            "title": "Elenco de A Casa do Drag\u00e3o revela como grava cenas com feras voadoras",
            "text": "\n\t\t\t\t\t\t\t\t\t\t\tElenco de A Casa do Drag\u00e3o revela como grava cenas...                                        ",
            "rels": [
                "bookmark"
            ]
        },
        "https://www.elpais.eu.org/2024/06/15/samuel-rosa-rebate-comparacoes-com-o-skank-queriam-o-que/": {
            "title": "Samuel Rosa rebate compara\u00e7\u00f5es com o Skank: \u201cQueriam o qu\u00ea?\u201d",
            "text": "\n\t\t\t\t\t\t\t\t\t\t\tSamuel Rosa rebate compara\u00e7\u00f5es com o Skank: \u201cQueriam o qu\u00ea?\u201d                                        ",
            "rels": [
                "bookmark"
            ]
        },
        "https://www.elpais.eu.org/2024/06/15/anahi-quebra-o-silencio-sobre-o-imbroglio-entre-o-rbd-e-seu-antigo-empresario-guillermo-rosas-assista/": {
            "title": "Anah\u00ed quebra o sil\u00eancio sobre o imbr\u00f3glio entre o RBD e seu antigo empres\u00e1rio, Guillermo Rosas; assista!",
            "text": "\n\t\t\t\t\t\t\t\t\t\t\tAnah\u00ed quebra o sil\u00eancio sobre o imbr\u00f3glio entre o RBD...                                        ",
            "rels": [
                "bookmark"
            ]
        },
        "https://www.elpais.eu.org/2024/06/15/dolar-encerra-a-semana-com-alta-de-108-e-ja-se-valoriza-250-no-mes-por-estadao-conteudo/": {
            "title": "D\u00f3lar encerra a semana com alta de 1,08% e j\u00e1 se valoriza 2,50% no m\u00eas Por Estad\u00e3o Conte\u00fado",
            "text": "\n\t\t\t\t\t\t\t\t\t\t\tD\u00f3lar encerra a semana com alta de 1,08% e j\u00e1...                                        ",
            "rels": [
                "bookmark"
            ]
        },
        "https://www.elpais.eu.org/2024/06/15/por-que-ias-como-chatgpt-sao-burras-na-bolsa-conheca-esta-alternativa-por-investing-com/": {
            "title": "Por que IAs como ChatGPT s\u00e3o \u201cburras\u201d na Bolsa? Conhe\u00e7a esta alternativa Por Investing.com",
            "text": "\n\t\t\t\t\t\t\t\t\t\t\tPor que IAs como ChatGPT s\u00e3o \u201cburras\u201d na Bolsa? Conhe\u00e7a...                                        ",
            "rels": [
                "bookmark"
            ]
        },
        "https://www.elpais.eu.org/2024/06/14/dolar-tem-novo-avanco-puxado-por-exterior-e-acumula-alta-de-1-na-semana-por-reuters/": {
            "title": "D\u00f3lar tem novo avan\u00e7o puxado por exterior e acumula alta de 1% na semana Por Reuters",
            "text": "\n\t\t\t\t\t\t\t\t\t\t\tD\u00f3lar tem novo avan\u00e7o puxado por exterior e acumula alta...                                        ",
            "rels": [
                "bookmark"
            ]
        },
        "https://www.elpais.eu.org/2024/06/15/equipe-de-prabowo-da-indonesia-refuta-relatorio-de-aumento-da-divida-por-investing-com/": {
            "title": "Equipe de Prabowo da Indon\u00e9sia refuta relat\u00f3rio de aumento da d\u00edvida Por Investing.com",
            "text": "\n\t\t\t\t\t\t\t\t\t\t\tEquipe de Prabowo da Indon\u00e9sia refuta relat\u00f3rio de aumento da...                                        ",
            "rels": [
                "bookmark"
            ]
        },
        "https://www.elpais.eu.org/2024/06/14/grassley-abre-novo-inquerito-de-supervisao-da-boeing-e-da-faa-por-investing-com/": {
            "title": "Grassley abre novo inqu\u00e9rito de supervis\u00e3o da Boeing e da FAA Por Investing.com",
            "text": "\n\t\t\t\t\t\t\t\t\t\t\tGrassley abre novo inqu\u00e9rito de supervis\u00e3o da Boeing e da...                                        ",
            "rels": [
                "bookmark"
            ]
        },
        "https://www.elpais.eu.org/2024/06/14/juros-futuros-caem-com-ibc-br-e-exterior-abrindo-espaco-para-alivio-nos-premios-por-reuters/": {
            "title": "Juros futuros caem com IBC-Br e exterior abrindo espa\u00e7o para al\u00edvio nos pr\u00eamios Por Reuters",
            "text": "\n\t\t\t\t\t\t\t\t\t\t\tJuros futuros caem com IBC-Br e exterior abrindo espa\u00e7o para...                                        ",
            "rels": [
                "bookmark"
            ]
        },
        "https://folhadopais.com/": {
            "text": "Folha do Pais",
            "rels": [
                "noopener"
            ]
        },
        "https://wownewss.com/": {
            "text": "Not\u00edcias do Mundo,\u00a0",
            "rels": [
                "noopener"
            ]
        },
        "https://forstetime.com/": {
            "text": "Forste Time",
            "rels": [
                "noopener"
            ]
        },
        "https://washingtonsheet.com/": {
            "text": "Washington Sheet",
            "rels": [
                "noopener"
            ]
        },
        "https://abbn.co.uk/": {
            "text": "ABBN News",
            "rels": [
                "noopener"
            ]
        },
        "https://bnnbrasil.com/": {
            "text": "BNN Brasil",
            "rels": [
                "noopener"
            ]
        },
        "https://www.bandesp.com.br/": {
            "text": "Bandesp",
            "rels": [
                "noopener"
            ]
        },
        "https://www.bandesp.com.br/voce/emprestimos/emprestimo-na-conta-de-luz/Paginas/default.aspx": {
            "text": "Empr\u00e9stimo a conta de luz,\u00a0",
            "rels": [
                "noopener"
            ]
        },
        "https://www.bandesp.com.br/voce/emprestimos/emprestimo-consignado/Paginas/default.aspx": {
            "text": "Empr\u00e9stimo Consignado,\u00a0",
            "rels": [
                "noopener"
            ]
        },
        "https://www.bandesp.com.br/voce/emprestimos/emprestimo-pessoal-online/Paginas/default.aspx": {
            "text": "Empr\u00e9stimo Pessoal Online,\u00a0",
            "rels": [
                "noopener"
            ]
        },
        "https://www.bandesp.com.br/voce/credito-financiamento/consignado/Paginas/default.aspx": {
            "text": "Cr\u00e9dito Consignado,\u00a0",
            "rels": [
                "noopener"
            ]
        },
        "https://www.bandesp.com.br/voce/emprestimos/antecipar-FGTS/Paginas/default.aspx": {
            "text": "Antecipar FGTS,\u00a0",
            "rels": [
                "noopener"
            ]
        },
        "https://www.bandesp.com.br/voce/credito-financiamento/credito-pessoal/antecipacao-saque-aniversario-FGTS./Paginas/default.aspx": {
            "text": "Antecipa\u00e7\u00e3o Saque Anivers\u00e1rio FGTS,\u00a0",
            "rels": [
                "noopener"
            ]
        },
        "https://www.bandesp.com.br/voce/emprestimos/emprestimo-pessoal-online-no-carne/Paginas/default.aspx": {
            "text": "Empr\u00e9stimo pessoal online no carn\u00ea,\u00a0",
            "rels": [
                "noopener"
            ]
        },
        "https://banco.cash/": {
            "text": "Banco Cash,\u00a0",
            "rels": [
                "noopener"
            ]
        },
        "https://banco.cash/emprestimo-pessoal": {
            "text": "Empr\u00e9stimo Pessoal,\u00a0",
            "rels": [
                "noopener"
            ]
        },
        "https://banco.cash/voce/servicos/emprestimos/emprestimo-consignado/Paginas/default.aspx": {
            "text": "Empr\u00e9stimo Consignado Online,\u00a0",
            "rels": [
                "noopener"
            ]
        },
        "https://banco.cash/voce/servicos/emprestimos/emprestimo-no-carne": {
            "text": "Empr\u00e9stimo no carn\u00ea,\u00a0",
            "rels": [
                "noopener"
            ]
        },
        "https://banco.cash/cartoes/cartao-consignado": {
            "text": "Cart\u00e3o Consignado,\u00a0",
            "rels": [
                "noopener"
            ]
        },
        "https://banco.cash/antecipacao-saque-aniversario-fgts": {
            "text": "Empr\u00e9stimo FGTS,\u00a0",
            "rels": [
                "noopener"
            ]
        },
        "https://www.bancodobrasileiro.com/": {
            "text": "Banco do Brasileiro,\u00a0",
            "rels": [
                "noopener"
            ]
        },
        "https://blog.bancodobrasileiro.com/": {
            "text": "Banco do Brasil,\u00a0",
            "rels": [
                "noopener"
            ]
        },
        "http://www.jornaldopais.com/": {
            "text": "Jornal do Pa\u00eds,\u00a0",
            "rels": [
                "noopener"
            ]
        },
        "http://www.g20newss.com/": {
            "text": "G20 News",
            "rels": [
                "noopener"
            ]
        },
        "http://www.abbn.co.uk/": {
            "text": "ABBN,\u00a0",
            "rels": [
                "noopener"
            ]
        },
        "http://www.folhadopais.com/": {
            "text": "Folha,\u00a0",
            "rels": [
                "noopener"
            ]
        },
        "http://www.banco.cash/": {
            "text": "Cash",
            "rels": [
                "noopener"
            ]
        },
        "https://newss.co.com/": {
            "text": "News",
            "rels": [
                "noopener"
            ]
        },
        "https://wsposts.com/": {
            "text": "Wall Street",
            "rels": [
                "noopener"
            ]
        },
        "https://glob.co.com/": {
            "text": "Pa\u00eds",
            "rels": [
                "noopener"
            ]
        },
        "https://seudinheirodigital.com/": {
            "text": "Seu Dinheiro Digital",
            "rels": [
                "noopener"
            ]
        },
        "https://www.glob.co.com/": {
            "text": "BNC",
            "rels": [
                "noopener"
            ]
        },
        "https://thposts.com/": {
            "text": "The Post",
            "rels": [
                "noopener"
            ]
        },
        "https://bb.abc.br/": {
            "text": "BB",
            "rels": [
                "noopener"
            ]
        },
        "https://www.banco.cash/emprestimos/emprestimo-conta-de-luz/": {
            "text": "Empr\u00e9stimo na conta de luz cpfl",
            "rels": [
                "noopener"
            ]
        },
        "https://www.banco.cash/emprestimos/emprestimos-consignado/": {
            "text": "empr\u00e9stimo consignado",
            "rels": [
                "noopener"
            ]
        },
        "https://www.banco.cash/emprestimos/emprestimo-fgts/": {
            "text": "emprestimos fgts",
            "rels": [
                "noopener"
            ]
        },
        "https://www.banco.cash/emprestimos/emprestimo-pessoal/": {
            "text": "emprestimo pessoal",
            "rels": [
                "noopener"
            ]
        },
        "https://www.bandesp.com.br/voce/emprestimos/emprestimo-pessoal/Paginas/default.aspx": {
            "text": "emprestimo pessoal",
            "rels": [
                "noopener"
            ]
        },
        "https://www.banco.cash/emprestimos/emprestimo-carne/": {
            "text": "empr\u00e9stimo pessoal online no carn\u00ea",
            "rels": [
                "noopener"
            ]
        },
        "https://www.banco.cash/voce/servicos/emprestimos/emprestimo-no-carne": {
            "text": "emprestimo no carn\u00ea",
            "rels": [
                "noopener"
            ]
        },
        "https://www.banco.cash/": {
            "text": "bradesco",
            "rels": [
                "noopener"
            ]
        },
        "https://www.bandesp.com.br/voce/emprestimos/emprestimo-pessoal-no-carne/Paginas/default.aspx": {
            "text": "empr\u00e9stimo pessoal online no carn\u00ea",
            "rels": [
                "noopener"
            ]
        },
        "https://www.elpais.eu.org/politica-privacidade/": {
            "text": "Pol\u00edtica Privacidade",
            "rels": [
                "privacy-policy"
            ]
        },
        "https://www.facebook.com/PenciDesign": {
            "rels": [
                "noreferrer"
            ]
        },
        "https://twitter.com/PenciDesign": {
            "rels": [
                "noreferrer"
            ]
        },
        "https://www.elpais.eu.org/#": {
            "rels": [
                "noreferrer"
            ]
        },
        "https://cookiedatabase.org/tcf/purposes/": {
            "text": "Leia mais sobre esses objetivos",
            "rels": [
                "nofollow",
                "noopener",
                "noreferrer"
            ]
        },
        "https://www.elpais.eu.org/wp-content/plugins/elementor/assets/css/widget-image.min.css?ver=4.0.5": {
            "media": "all",
            "type": "text/css",
            "rels": [
                "stylesheet"
            ]
        },
        "https://nordicnodes.com/admin": {
            "text": "digital tools accessible",
            "rels": [
                "follow"
            ]
        }
    },
    "debug": {
        "package": "https://packagist.org/packages/mf2/mf2",
        "source": "https://github.com/indieweb/php-mf2",
        "version": "v0.5.0",
        "note": [
            "This output was generated from the php-mf2 library available at https://github.com/indieweb/php-mf2",
            "Please file any issues with the parser at https://github.com/indieweb/php-mf2/issues",
            "Using the Masterminds HTML5 parser"
        ]
    }
}